{"id":2493,"date":"2024-03-12T12:52:00","date_gmt":"2024-03-12T12:52:00","guid":{"rendered":"https:\/\/pipe-project.eu\/pipe-projektet-lanceres-for-at-fremme-inklusion-af-migranter-i-hele-europa\/"},"modified":"2025-03-24T14:20:08","modified_gmt":"2025-03-24T14:20:08","slug":"pipe-projektet-lanceres-for-at-fremme-inklusion-af-migranter-i-hele-europa","status":"publish","type":"post","link":"https:\/\/pipe-project.eu\/da\/pipe-projektet-lanceres-for-at-fremme-inklusion-af-migranter-i-hele-europa\/","title":{"rendered":"PIPE-projektet lanceres for at fremme inklusion af migranter i hele Europa"},"content":{"rendered":"\n<p>Inden for rammerne af Erasmus+-programmet er PIPE-projektet (Programme of Inclusion for Migrant People at risk of social Exclusion) officielt blevet lanceret med det form\u00e5l at st\u00f8tte integrationen af migranter og fremme social samh\u00f8righed i Europa. Fra november 2023 og over 36 m\u00e5neder vil PIPE tage fat p\u00e5 de udfordringer med social inklusion, som migranter, flygtninge og asylans\u00f8gere st\u00e5r over for. <\/p>\n\n<p>Kernen i PIPE er forestillingen om et mere inkluderende og retf\u00e6rdigt Europa, hvor alle &#8211; uanset baggrund &#8211; kan deltage fuldt ud i samfundet. Projektet s\u00f8ger at reducere de barrierer, som migranter st\u00e5r over for, og fremme en f\u00f8lelse af at h\u00f8re til og f\u00e5 indflydelse, s\u00e5 der skabes mere sammenh\u00e6ngende samfund. Denne vision str\u00e6kker sig ud over blot at im\u00f8dekomme umiddelbare behov; PIPE sigter mod at udstyre migranter med de f\u00e6rdigheder, der er n\u00f8dvendige for langsigtet integration, personlig udvikling og aktiv deltagelse i deres nye omgivelser.  <\/p>\n\n<p>PIPE er designet til at st\u00f8tte dem, der har st\u00f8rst risiko for social udst\u00f8delse: migranter, flygtninge og asylans\u00f8gere. I erkendelse af de unikke udfordringer, de st\u00e5r over for, vil projektet tilbyde skr\u00e6ddersyede l\u00e6ringsprogrammer, erhvervsuddannelse og mentorordninger for at hj\u00e6lpe dem med at integrere sig i deres v\u00e6rtssamfund. Ud over migranterne selv engagerer projektet ogs\u00e5 lokale myndigheder, undervisere og socialarbejdere &#8211; og sikrer, at de er bedre rustet til at fremme inklusion af migranter og kulturel forst\u00e5else.  <\/p>\n\n<p>Vigtige m\u00e5ls\u00e6tninger<\/p>\n\n<ul class=\"wp-block-list\">\n<li>Styrke migranter gennem uddannelse og f\u00e6rdighedstr\u00e6ning, der forbedrer deres besk\u00e6ftigelses- og integrationsmuligheder.<\/li>\n\n\n\n<li>Opbygge interkulturel bevidsthed og fremme gensidig forst\u00e5else mellem migranter og lokalsamfund og hj\u00e6lpe med at nedbryde fordomme.<\/li>\n\n\n\n<li>Etablere et b\u00e6redygtigt mentornetv\u00e6rk, som g\u00f8r det muligt for migranter, der allerede er blevet integreret med succes, at st\u00f8tte nyankomne.<\/li>\n\n\n\n<li>Udvikle innovative v\u00e6rkt\u00f8jer og uddannelsesressourcer, herunder en mobilapp og digitale l\u00e6ringsplatforme, for at give lettilg\u00e6ngelig st\u00f8tte.<\/li>\n\n\n\n<li>Fremme samarbejdet mellem de europ\u00e6iske lande, s\u00e5 de kan dele bedste praksis og viden om integration af migranter.<\/li>\n<\/ul>\n\n<p>PIPE er resultatet af et st\u00e6rkt samarbejde mellem seks organisationer fra hele Europa, som hver is\u00e6r bringer deres unikke ekspertise til bordet. Projektpartnerne, der ledes af EVM GROUP (Spanien), omfatter institutioner fra Tyskland, Danmark, Gr\u00e6kenland og Italien, og de kombinerer viden fra omr\u00e5der som voksenuddannelse, social inklusion og digital innovation. Sammen sigter dette partnerskab mod at skabe skalerbare og effektive l\u00f8sninger til inklusion af migranter med det langsigtede m\u00e5l at opbygge et tv\u00e6rnationalt netv\u00e6rk til st\u00f8tte for migranter og dem, der arbejder med dem.  <\/p>\n\n<p>PIPE er forpligtet til at g\u00f8re en konkret forskel, ikke kun for migranter, men for det europ\u00e6iske samfund som helhed. Ved at fokusere p\u00e5 uddannelse, tr\u00e6ning og mentorskab vil projektet hj\u00e6lpe med at opbygge mere inkluderende, modstandsdygtige samfund, der omfavner mangfoldighed og sikrer muligheder for alle. <\/p>\n\n<p>Du kan f\u00e5 flere oplysninger om PIPE-projektet og dets kommende aktiviteter p\u00e5 projektets hjemmeside: <a href=\"https:\/\/pipe-project.eu\/da\/\">https:\/\/pipe-project.eu<\/a>.<\/p>\n","protected":false},"excerpt":{"rendered":"<p>Inden for rammerne af Erasmus+-programmet er PIPE-projektet (Programme of Inclusion for Migrant People at risk of social Exclusion) officielt blevet lanceret med det form\u00e5l at st\u00f8tte integrationen af migranter og fremme social samh\u00f8righed i Europa. Fra november 2023 og over 36 m\u00e5neder vil PIPE tage fat p\u00e5 de udfordringer med social inklusion, som migranter, flygtninge [&hellip;]<\/p>\n","protected":false},"author":1,"featured_media":1050,"comment_status":"closed","ping_status":"closed","sticky":false,"template":"","format":"standard","meta":{"footnotes":""},"categories":[58],"tags":[],"class_list":["post-2493","post","type-post","status-publish","format-standard","has-post-thumbnail","hentry","category-projekt"],"blocksy_meta":[],"_links":{"self":[{"href":"https:\/\/pipe-project.eu\/da\/wp-json\/wp\/v2\/posts\/2493","targetHints":{"allow":["GET"]}}],"collection":[{"href":"https:\/\/pipe-project.eu\/da\/wp-json\/wp\/v2\/posts"}],"about":[{"href":"https:\/\/pipe-project.eu\/da\/wp-json\/wp\/v2\/types\/post"}],"author":[{"embeddable":true,"href":"https:\/\/pipe-project.eu\/da\/wp-json\/wp\/v2\/users\/1"}],"replies":[{"embeddable":true,"href":"https:\/\/pipe-project.eu\/da\/wp-json\/wp\/v2\/comments?post=2493"}],"version-history":[{"count":1,"href":"https:\/\/pipe-project.eu\/da\/wp-json\/wp\/v2\/posts\/2493\/revisions"}],"predecessor-version":[{"id":2494,"href":"https:\/\/pipe-project.eu\/da\/wp-json\/wp\/v2\/posts\/2493\/revisions\/2494"}],"wp:featuredmedia":[{"embeddable":true,"href":"https:\/\/pipe-project.eu\/da\/wp-json\/wp\/v2\/media\/1050"}],"wp:attachment":[{"href":"https:\/\/pipe-project.eu\/da\/wp-json\/wp\/v2\/media?parent=2493"}],"wp:term":[{"taxonomy":"category","embeddable":true,"href":"https:\/\/pipe-project.eu\/da\/wp-json\/wp\/v2\/categories?post=2493"},{"taxonomy":"post_tag","embeddable":true,"href":"https:\/\/pipe-project.eu\/da\/wp-json\/wp\/v2\/tags?post=2493"}],"curies":[{"name":"wp","href":"https:\/\/api.w.org\/{rel}","templated":true}]}}